{"id":26493,"date":"2023-11-16T12:24:07","date_gmt":"2023-11-16T11:24:07","guid":{"rendered":"https:\/\/www.dvc.video\/uncategorized-sr\/godina-u-znaku-dvc-a\/"},"modified":"2024-01-22T09:27:45","modified_gmt":"2024-01-22T08:27:45","slug":"godina-u-znaku-dvc-a","status":"publish","type":"post","link":"https:\/\/www.dvc.video\/sr\/novosti-sr\/godina-u-znaku-dvc-a\/","title":{"rendered":"Godina u znaku DVC-a"},"content":{"rendered":"<p>[et_pb_section fb_built=&#8220;1&#8243; _builder_version=&#8220;4.23.1&#8243; _module_preset=&#8220;default&#8220; global_colors_info=&#8220;{}&#8220;][et_pb_row _builder_version=&#8220;4.23.1&#8243; _module_preset=&#8220;default&#8220; global_colors_info=&#8220;{}&#8220;][et_pb_column type=&#8220;4_4&#8243; _builder_version=&#8220;4.23.1&#8243; _module_preset=&#8220;default&#8220; global_colors_info=&#8220;{}&#8220;][et_pb_text _builder_version=&#8220;4.23.1&#8243; _module_preset=&#8220;default&#8220; global_colors_info=&#8220;{}&#8220;]<\/p>\n<blockquote>\n<h5><strong>Postanite i vi deo DVC porodice i otkrijte sve benefite vode\u0107eg regionalnog brenda<\/strong><\/h5>\n<\/blockquote>\n<p>U godini kada obele\u017eavamo <strong>jubilarnih 20 godina<\/strong> prvog hrvatskog brenda u svetu sigurnosti i tehni\u010dke za\u0161tite, DVC ure\u0111aje smo prezentovali s ponosom na <strong>Securi Forumu<\/strong> u Budimpe\u0161ti, kao i na ovogodi\u0161njem izdanju <strong>Adria Security Summita<\/strong> u Ljubljani.<\/p>\n<p>Klijenti u Ma\u0111arskoj su pokazali posebno interesovanje za DVC PTZ kameru opremljenu motorom i neverovatnim 37X \u201ezoomom\u201c i Meta AI analitikom, dok je u Sloveniji pa\u017enju privukla bullet IP video kamera s 8Mpx rezolucijom kojom je prezentovana funkcionalnost i \u0161iroka mogu\u0107nost integracije videonadzora i automatizacije.<\/p>\n<p>Osim \u201eflagshipova\u201c i noviteta koji uskoro sti\u017eu, DVC ima i vrlo pristupa\u010dne cene , i kvalitetne analogne HD kamere, kao i druge IP kamere, video interfone i servere koji su sinonim za <strong>pouzdanost i poverenje<\/strong>.<\/p>\n<p>&nbsp;<\/p>\n<p>[\/et_pb_text][et_pb_image src=&#8220;https:\/\/www.dvc.video\/wp-content\/uploads\/2023\/11\/2023-11_DVC_20_BodyImage.jpg&#8220; title_text=&#8220;2023-11_DVC_20_BodyImage&#8220; _builder_version=&#8220;4.23.1&#8243; _module_preset=&#8220;default&#8220; global_colors_info=&#8220;{}&#8220;][\/et_pb_image][et_pb_text _builder_version=&#8220;4.23.1&#8243; _module_preset=&#8220;default&#8220; global_colors_info=&#8220;{}&#8220;]<\/p>\n<p>Posebnu pa\u017enju posvetili smo i na\u0161im vernim DVC kupcima \u0161irom regije kojima smo se primereno zahvalili, jer bez njih ne bi bilo na\u0161eg uspeha, a pozitivne vibracije vladale su i na <strong>ro\u0111endanskoj zabavi u Ljubljani<\/strong> do dugo u no\u0107.<\/p>\n<p>Proverite i vi u na\u0161oj, a vama najbli\u017eoj firmi, ili B2B platformi za\u0161to je DVC kroz 20 godina postao prvi izbor <strong>pametne tehnologije koja vredi vi\u0161e<\/strong>, a uskoro o\u010dekujte jo\u0161 i vi\u0161e. Stvarajte zajedno s nama bolji i sigurniji svet, i iskoristite sve prednosti saradnje s Alarm Automatikom i na\u0161im DVC brendom. Brinemo o vama, brinemo o za\u0161titi.<\/p>\n<p>Vi\u0161e o svim aktivnostima i ponudama povodom oble\u017eavanja 20 godina DVC-a saznajte ovdje:<\/p>\n<p>&nbsp;<\/p>\n<p>[\/et_pb_text][et_pb_button button_url=&#8220;@ET-DC@eyJkeW5hbWljIjp0cnVlLCJjb250ZW50IjoicG9zdF9saW5rX3VybF9wYWdlIiwic2V0dGluZ3MiOnsicG9zdF9pZCI6IjI0NjgxIn19@&#8220; button_text=&#8220;Istra\u017ei odmah&#8220; button_alignment=&#8220;center&#8220; _builder_version=&#8220;4.23.1&#8243; _module_preset=&#8220;default&#8220; custom_button=&#8220;on&#8220; button_font=&#8220;|600|||||||&#8220; button_use_icon=&#8220;off&#8220; custom_padding=&#8220;18px|40px|18px|40px|true|true&#8220; hover_enabled=&#8220;0&#8243; global_colors_info=&#8220;{}&#8220; theme_builder_area=&#8220;post_content&#8220; _dynamic_attributes=&#8220;button_url&#8220; sticky_enabled=&#8220;0&#8243;][\/et_pb_button][\/et_pb_column][\/et_pb_row][\/et_pb_section]<\/p>\n","protected":false},"excerpt":{"rendered":"<p>Postanite i vi deo DVC porodice i otkrijte sve benefite vode\u0107eg regionalnog brenda U godini kada obele\u017eavamo jubilarnih 20 godina prvog hrvatskog brenda u svetu sigurnosti i tehni\u010dke za\u0161tite, DVC ure\u0111aje smo prezentovali s ponosom na Securi Forumu u Budimpe\u0161ti, kao i na ovogodi\u0161njem izdanju Adria Security Summita u Ljubljani. Klijenti u Ma\u0111arskoj su pokazali [&hellip;]<\/p>\n","protected":false},"author":8,"featured_media":26433,"comment_status":"closed","ping_status":"closed","sticky":false,"template":"","format":"standard","meta":{"_et_pb_use_builder":"on","_et_pb_old_content":"","_et_gb_content_width":"","footnotes":""},"categories":[23316,23307],"tags":[],"class_list":["post-26493","post","type-post","status-publish","format-standard","has-post-thumbnail","hentry","category-dvc-20-godina-sr","category-novosti-sr"],"_links":{"self":[{"href":"https:\/\/www.dvc.video\/sr\/wp-json\/wp\/v2\/posts\/26493","targetHints":{"allow":["GET"]}}],"collection":[{"href":"https:\/\/www.dvc.video\/sr\/wp-json\/wp\/v2\/posts"}],"about":[{"href":"https:\/\/www.dvc.video\/sr\/wp-json\/wp\/v2\/types\/post"}],"author":[{"embeddable":true,"href":"https:\/\/www.dvc.video\/sr\/wp-json\/wp\/v2\/users\/8"}],"replies":[{"embeddable":true,"href":"https:\/\/www.dvc.video\/sr\/wp-json\/wp\/v2\/comments?post=26493"}],"version-history":[{"count":2,"href":"https:\/\/www.dvc.video\/sr\/wp-json\/wp\/v2\/posts\/26493\/revisions"}],"predecessor-version":[{"id":26649,"href":"https:\/\/www.dvc.video\/sr\/wp-json\/wp\/v2\/posts\/26493\/revisions\/26649"}],"wp:featuredmedia":[{"embeddable":true,"href":"https:\/\/www.dvc.video\/sr\/wp-json\/wp\/v2\/media\/26433"}],"wp:attachment":[{"href":"https:\/\/www.dvc.video\/sr\/wp-json\/wp\/v2\/media?parent=26493"}],"wp:term":[{"taxonomy":"category","embeddable":true,"href":"https:\/\/www.dvc.video\/sr\/wp-json\/wp\/v2\/categories?post=26493"},{"taxonomy":"post_tag","embeddable":true,"href":"https:\/\/www.dvc.video\/sr\/wp-json\/wp\/v2\/tags?post=26493"}],"curies":[{"name":"wp","href":"https:\/\/api.w.org\/{rel}","templated":true}]}}