{"id":26499,"date":"2023-11-16T12:24:07","date_gmt":"2023-11-16T11:24:07","guid":{"rendered":"https:\/\/www.dvc.video\/uncategorized-sl\/leto-v-znamenju-dvc\/"},"modified":"2024-01-22T09:27:45","modified_gmt":"2024-01-22T08:27:45","slug":"leto-v-znamenju-dvc","status":"publish","type":"post","link":"https:\/\/www.dvc.video\/sl\/novice\/leto-v-znamenju-dvc\/","title":{"rendered":"Leto v znamenju DVC"},"content":{"rendered":"<p>[et_pb_section fb_built=&#8221;1&#8243; _builder_version=&#8221;4.23.1&#8243; _module_preset=&#8221;default&#8221; global_colors_info=&#8221;{}&#8221;][et_pb_row _builder_version=&#8221;4.23.1&#8243; _module_preset=&#8221;default&#8221; global_colors_info=&#8221;{}&#8221;][et_pb_column type=&#8221;4_4&#8243; _builder_version=&#8221;4.23.1&#8243; _module_preset=&#8221;default&#8221; global_colors_info=&#8221;{}&#8221;][et_pb_text _builder_version=&#8221;4.23.1&#8243; _module_preset=&#8221;default&#8221; global_colors_info=&#8221;{}&#8221;]<\/p>\n<blockquote>\n<h5><strong>Postanite del dru\u017eine DVC in odkrijte vse prednosti vodilne regionalne blagovne znamke<\/strong><\/h5>\n<\/blockquote>\n<p>V letu, ko praznujemo <strong>dve desetletji<\/strong> prve hrva\u0161ke blagovne znamke v svetu varnosti in tehni\u010dne za\u0161\u010dite, smo DVC naprave ponosno predstavili na <strong>Securi Forumu<\/strong> v Budimpe\u0161ti in na leto\u0161njem <strong>Adria Security Summitu<\/strong> v Ljubljani.<\/p>\n<p>Naro\u010dniki na Mad\u017earskem so se posebej zanimali za DVC PTZ kamero, opremljeno z motorjem in neverjetnim 37-kratnim zoomom ter Meta AI analitiko, v Sloveniji pa je pozornost pritegnila bullet IP video kamera z lo\u010dljivostjo 8 Mpx, ki je predstavila funkcionalnost in \u0161iroko mo\u017enost integracij videonadzora in avtomatizacije.<\/p>\n<p>Poleg \u00bbparadnih artiklov\u00ab in novosti, ki prihajajo kmalu, ima DVC tudi cenovno zelo ugodne, a kakovostne analogne HD kamere, pa tudi druge IP kamere ter video domofone in stre\u017enike, ki so sinonim za <strong>zanesljivost in zaupanje<\/strong>.<\/p>\n<p>&nbsp;<\/p>\n<p>[\/et_pb_text][et_pb_image src=&#8221;https:\/\/www.dvc.video\/wp-content\/uploads\/2023\/11\/2023-11_DVC_20_BodyImage.jpg&#8221; title_text=&#8221;2023-11_DVC_20_BodyImage&#8221; _builder_version=&#8221;4.23.1&#8243; _module_preset=&#8221;default&#8221; global_colors_info=&#8221;{}&#8221;][\/et_pb_image][et_pb_text _builder_version=&#8221;4.23.1&#8243; _module_preset=&#8221;default&#8221; global_colors_info=&#8221;{}&#8221;]<\/p>\n<p>Posebno pozornost smo namenili tudi na\u0161im zvestim strankam DVC po vsej regiji, ki smo se jim ob prilo\u017enosti zahvalili, brez njih na\u0161ega uspeha ne bi bilo, pozitivne vibracije pa so na <strong>rojstnodnevni zabavi v Ljubljani<\/strong> vladale do jutranjih ur.<\/p>\n<p>V na\u0161i najbli\u017eji poslovalnici ali na B2B platformi se prepri\u010dajte sami, zakaj je DVC \u010dez 20 let postal prva izbira <strong>pametne tehnologije, ki je vredna ve\u010d<\/strong>, kmalu pa pri\u010dakujte \u0161e ve\u010d. Ustvarite bolj\u0161i in varnej\u0161i svet skupaj z nami ter izkoristite vse prednosti sodelovanja z Alarm avtomatiko in na\u0161o blagovno znamko DVC. Skrbimo za vas, skrbimo za varnost.<\/p>\n<p>O vseh aktivnostih in ponudbi ob praznovanju 20 let DVC preberite tukaj:<\/p>\n<p>&nbsp;<\/p>\n<p>[\/et_pb_text][et_pb_button button_url=&#8221;@ET-DC@eyJkeW5hbWljIjp0cnVlLCJjb250ZW50IjoicG9zdF9saW5rX3VybF9wYWdlIiwic2V0dGluZ3MiOnsicG9zdF9pZCI6IjI0NjgxIn19@&#8221; button_text=&#8221;Find out more&#8221; button_alignment=&#8221;center&#8221; _builder_version=&#8221;4.23.1&#8243; _module_preset=&#8221;default&#8221; custom_button=&#8221;on&#8221; button_font=&#8221;|600|||||||&#8221; button_use_icon=&#8221;off&#8221; custom_padding=&#8221;18px|40px|18px|40px|true|true&#8221; hover_enabled=&#8221;0&#8243; global_colors_info=&#8221;{}&#8221; theme_builder_area=&#8221;post_content&#8221; _dynamic_attributes=&#8221;button_url&#8221; sticky_enabled=&#8221;0&#8243;][\/et_pb_button][\/et_pb_column][\/et_pb_row][\/et_pb_section]<\/p>\n","protected":false},"excerpt":{"rendered":"<p>Postanite del dru\u017eine DVC in odkrijte vse prednosti vodilne regionalne blagovne znamke V letu, ko praznujemo dve desetletji prve hrva\u0161ke blagovne znamke v svetu varnosti in tehni\u010dne za\u0161\u010dite, smo DVC naprave ponosno predstavili na Securi Forumu v Budimpe\u0161ti in na leto\u0161njem Adria Security Summitu v Ljubljani. Naro\u010dniki na Mad\u017earskem so se posebej zanimali za DVC [&hellip;]<\/p>\n","protected":false},"author":8,"featured_media":26435,"comment_status":"closed","ping_status":"closed","sticky":false,"template":"","format":"standard","meta":{"_et_pb_use_builder":"on","_et_pb_old_content":"","_et_gb_content_width":"","footnotes":""},"categories":[23322,23312],"tags":[],"class_list":["post-26499","post","type-post","status-publish","format-standard","has-post-thumbnail","hentry","category-dvc-20-let","category-novice"],"_links":{"self":[{"href":"https:\/\/www.dvc.video\/sl\/wp-json\/wp\/v2\/posts\/26499","targetHints":{"allow":["GET"]}}],"collection":[{"href":"https:\/\/www.dvc.video\/sl\/wp-json\/wp\/v2\/posts"}],"about":[{"href":"https:\/\/www.dvc.video\/sl\/wp-json\/wp\/v2\/types\/post"}],"author":[{"embeddable":true,"href":"https:\/\/www.dvc.video\/sl\/wp-json\/wp\/v2\/users\/8"}],"replies":[{"embeddable":true,"href":"https:\/\/www.dvc.video\/sl\/wp-json\/wp\/v2\/comments?post=26499"}],"version-history":[{"count":2,"href":"https:\/\/www.dvc.video\/sl\/wp-json\/wp\/v2\/posts\/26499\/revisions"}],"predecessor-version":[{"id":26651,"href":"https:\/\/www.dvc.video\/sl\/wp-json\/wp\/v2\/posts\/26499\/revisions\/26651"}],"wp:featuredmedia":[{"embeddable":true,"href":"https:\/\/www.dvc.video\/sl\/wp-json\/wp\/v2\/media\/26435"}],"wp:attachment":[{"href":"https:\/\/www.dvc.video\/sl\/wp-json\/wp\/v2\/media?parent=26499"}],"wp:term":[{"taxonomy":"category","embeddable":true,"href":"https:\/\/www.dvc.video\/sl\/wp-json\/wp\/v2\/categories?post=26499"},{"taxonomy":"post_tag","embeddable":true,"href":"https:\/\/www.dvc.video\/sl\/wp-json\/wp\/v2\/tags?post=26499"}],"curies":[{"name":"wp","href":"https:\/\/api.w.org\/{rel}","templated":true}]}}