{"id":26604,"date":"2024-01-18T12:02:37","date_gmt":"2024-01-18T11:02:37","guid":{"rendered":"https:\/\/www.dvc.video\/uncategorized-sk\/dvc-kamery-s-dvojitym-prisvietenim-inteligentna-volba-pre-farebny-obraz-v-tme\/"},"modified":"2024-01-22T09:27:23","modified_gmt":"2024-01-22T08:27:23","slug":"dvc-kamery-s-dvojitym-prisvietenim-inteligentna-volba-pre-farebny-obraz-v-tme","status":"publish","type":"post","link":"https:\/\/www.dvc.video\/sk\/spravy\/dvc-kamery-s-dvojitym-prisvietenim-inteligentna-volba-pre-farebny-obraz-v-tme\/","title":{"rendered":"DVC Kamery s dvojit\u00fdm prisvieten\u00edm \u2013 inteligentn\u00e1 vo\u013eba pre farebn\u00fd obraz v tme"},"content":{"rendered":"<p>[et_pb_section fb_built=&#8220;1&#8243; _builder_version=&#8220;4.23.4&#8243; _module_preset=&#8220;default&#8220; global_colors_info=&#8220;{}&#8220;][et_pb_row _builder_version=&#8220;4.23.4&#8243; _module_preset=&#8220;default&#8220; global_colors_info=&#8220;{}&#8220;][et_pb_column type=&#8220;4_4&#8243; _builder_version=&#8220;4.23.4&#8243; _module_preset=&#8220;default&#8220; global_colors_info=&#8220;{}&#8220;][et_pb_text _builder_version=&#8220;4.23.4&#8243; _module_preset=&#8220;default&#8220; header_2_text_color=&#8220;#da0707&#8243; hover_enabled=&#8220;0&#8243; global_colors_info=&#8220;{}&#8220; sticky_enabled=&#8220;0&#8243;]<\/p>\n<h2>| Farebn\u00fd a jasn\u00fd obraz v\u017edy ke\u010f potrebujete<\/h2>\n<p>Technol\u00f3gia DVC EXTREME DARK je vylep\u0161en\u00e1 o najnov\u0161iu inov\u00e1ciu DVC, technol\u00f3giu DUAL LIGHT.<\/p>\n<p>Niektor\u00ed pou\u017e\u00edvatelia kamier s technol\u00f3giou EXTREME DARK, ktor\u00e1 poskytuje kvalitn\u00fd farebn\u00fd a jasn\u00fd obraz aj na slabo osvetlen\u00fdch miestach alebo v noci, sa s\u0165a\u017eovali na nemo\u017enos\u0165 vypnutia pr\u00eddavn\u00e9ho LED osvetlenia.<\/p>\n<p>S\u00e9ria kamier s dvojit\u00fdm prisvieten\u00edm tento probl\u00e9m vyrie\u0161ila s pomocou anal\u00fdzy AI v inteligentnom re\u017eime. <strong>Bez pr\u00edtomnosti \u013eud\u00ed vyu\u017e\u00edvaj\u00fa kamery s dvojit\u00fdm prisvieten\u00edm iba IR prisvietenie.<\/strong> Nie s\u00fa tu \u017eiadni \u013eudia a nie je tu \u017eiadne ru\u0161iv\u00e9 svetlo, ktor\u00e9 by ru\u0161ilo pokoj Va\u0161ej z\u00e1hrady alebo monitorovan\u00e9ho \u00fazemia. <strong>Pri detekcii os\u00f4b kamera aktivuje biele LED prisvietenie<\/strong> a v momente m\u00e1te pred sebou farebn\u00fd a jasn\u00fd obraz, a to aj v pr\u00edpade ke\u010f nie je dostupn\u00fd \u017eiadny \u010fal\u0161\u00ed sveteln\u00fd zdroj, ako s\u00fa hviezdy \u010di pouli\u010dn\u00e9 osvetlenie. <strong>Ke\u010f \u013eudia opustia monitorovan\u00e9 \u00fazemie kamera automaticky vypne biele LED prisvietenie a vr\u00e1ti sa do no\u010dn\u00e9ho re\u017eimu so zapnut\u00fdm IR prisvieten\u00edm.<\/strong><\/p>\n<p>[\/et_pb_text][et_pb_image src=&#8220;https:\/\/www.dvc.video\/wp-content\/uploads\/2024\/01\/DualLight_videoGif.gif&#8220; title_text=&#8220;DualLight_videoGif&#8220; align=&#8220;center&#8220; _builder_version=&#8220;4.23.4&#8243; _module_preset=&#8220;default&#8220; global_colors_info=&#8220;{}&#8220;][\/et_pb_image][et_pb_text _builder_version=&#8220;4.23.4&#8243; _module_preset=&#8220;default&#8220; global_colors_info=&#8220;{}&#8220;]<\/p>\n<p>Kamery s dvojit\u00fdm prisvieten\u00edm samozrejme umo\u017e\u0148uj\u00fa individu\u00e1lne nastavenia pod\u013ea Va\u0161ich potrieb, tak\u017ee je mo\u017en\u00e9 nastavi\u0165 \u010das alebo trvalo zapn\u00fa\u0165 LED osvetlenie.<\/p>\n<p>Vysk\u00fa\u0161ajte technol\u00f3giu DVC DUAL LIGHT a zistite pre\u010do na\u0161a zna\u010dka patr\u00ed medzi region\u00e1lnych l\u00eddrov na trhu. Z\u00e1rukou kvality je aj z\u00e1ruka 36 mesiacov. DVC, inteligentn\u00e1 technol\u00f3gia, ktor\u00e1 prid\u00e1va na hodnote.<\/p>\n<p>[\/et_pb_text][\/et_pb_column][\/et_pb_row][\/et_pb_section]<\/p>\n","protected":false},"excerpt":{"rendered":"<p>| Farebn\u00fd a jasn\u00fd obraz v\u017edy ke\u010f potrebujete Technol\u00f3gia DVC EXTREME DARK je vylep\u0161en\u00e1 o najnov\u0161iu inov\u00e1ciu DVC, technol\u00f3giu DUAL LIGHT. Niektor\u00ed pou\u017e\u00edvatelia kamier s technol\u00f3giou EXTREME DARK, ktor\u00e1 poskytuje kvalitn\u00fd farebn\u00fd a jasn\u00fd obraz aj na slabo osvetlen\u00fdch miestach alebo v noci, sa s\u0165a\u017eovali na nemo\u017enos\u0165 vypnutia pr\u00eddavn\u00e9ho LED osvetlenia. S\u00e9ria kamier s dvojit\u00fdm [&hellip;]<\/p>\n","protected":false},"author":8,"featured_media":26557,"comment_status":"closed","ping_status":"closed","sticky":false,"template":"","format":"standard","meta":{"_et_pb_use_builder":"on","_et_pb_old_content":"","_et_gb_content_width":"","footnotes":""},"categories":[23311],"tags":[],"class_list":["post-26604","post","type-post","status-publish","format-standard","has-post-thumbnail","hentry","category-spravy"],"_links":{"self":[{"href":"https:\/\/www.dvc.video\/sk\/wp-json\/wp\/v2\/posts\/26604","targetHints":{"allow":["GET"]}}],"collection":[{"href":"https:\/\/www.dvc.video\/sk\/wp-json\/wp\/v2\/posts"}],"about":[{"href":"https:\/\/www.dvc.video\/sk\/wp-json\/wp\/v2\/types\/post"}],"author":[{"embeddable":true,"href":"https:\/\/www.dvc.video\/sk\/wp-json\/wp\/v2\/users\/8"}],"replies":[{"embeddable":true,"href":"https:\/\/www.dvc.video\/sk\/wp-json\/wp\/v2\/comments?post=26604"}],"version-history":[{"count":2,"href":"https:\/\/www.dvc.video\/sk\/wp-json\/wp\/v2\/posts\/26604\/revisions"}],"predecessor-version":[{"id":26628,"href":"https:\/\/www.dvc.video\/sk\/wp-json\/wp\/v2\/posts\/26604\/revisions\/26628"}],"wp:featuredmedia":[{"embeddable":true,"href":"https:\/\/www.dvc.video\/sk\/wp-json\/wp\/v2\/media\/26557"}],"wp:attachment":[{"href":"https:\/\/www.dvc.video\/sk\/wp-json\/wp\/v2\/media?parent=26604"}],"wp:term":[{"taxonomy":"category","embeddable":true,"href":"https:\/\/www.dvc.video\/sk\/wp-json\/wp\/v2\/categories?post=26604"},{"taxonomy":"post_tag","embeddable":true,"href":"https:\/\/www.dvc.video\/sk\/wp-json\/wp\/v2\/tags?post=26604"}],"curies":[{"name":"wp","href":"https:\/\/api.w.org\/{rel}","templated":true}]}}