{"id":24665,"date":"2023-11-02T14:56:12","date_gmt":"2023-11-02T13:56:12","guid":{"rendered":"https:\/\/www.dvc.video\/blog\/dvc-zaziarilo-na-adria-security-summit-2023\/"},"modified":"2024-01-22T09:27:54","modified_gmt":"2024-01-22T08:27:54","slug":"dvc-zaziarilo-na-adria-security-summit-2023","status":"publish","type":"post","link":"https:\/\/www.dvc.video\/sk\/spravy\/dvc-zaziarilo-na-adria-security-summit-2023\/","title":{"rendered":"DVC za\u017eiarilo na Adria Security Summit 2023."},"content":{"rendered":"<p>[et_pb_section fb_built=&#8220;1&#8243; _builder_version=&#8220;4.23&#8243; _module_preset=&#8220;default&#8220; global_colors_info=&#8220;{}&#8220;][et_pb_row _builder_version=&#8220;4.23&#8243; _module_preset=&#8220;default&#8220; global_colors_info=&#8220;{}&#8220;][et_pb_column type=&#8220;4_4&#8243; _builder_version=&#8220;4.23&#8243; _module_preset=&#8220;default&#8220; global_colors_info=&#8220;{}&#8220;][et_pb_text _builder_version=&#8220;4.23&#8243; _module_preset=&#8220;default&#8220; global_colors_info=&#8220;{}&#8220;]<\/p>\n<blockquote>\n<h2>Oslava dvoch desa\u0165ro\u010d\u00ed inov\u00e1ci\u00ed<\/h2>\n<\/blockquote>\n<p>Minul\u00fd t\u00fd\u017ede\u0148 sa DVC dostalo do centra pozornosti v srdci <strong>odvetvia technick\u00fdch bezpe\u010dnostn\u00fdch syst\u00e9mov a rie\u0161en\u00ed Jadransk\u00e9ho regi\u00f3nu v \u013dub\u013eane<\/strong>. Prezent\u00e1cia Deana Klobu\u010dara n\u00e1s zaviedla na <strong>p\u00fatav\u00fa cestu DVC<\/strong> od jeho vzniku a\u017e po s\u00fa\u010dasnos\u0165, kedy sa stala najv\u00e4\u010d\u0161ou region\u00e1lnou zna\u010dkou CCTV, interkomov a serverov a jednou z popredn\u00fdch mien v tomto odvetv\u00ed.<\/p>\n<p>Damjan Somrak potom posvietil na <strong>mo\u017enosti integr\u00e1cie, ktor\u00e9 spolo\u010dnos\u0165 dnes predstavuje svojim z\u00e1kazn\u00edkom<\/strong>, \u010d\u00edm op\u00e4\u0165 dokazuje odhodlanie zna\u010dky zosta\u0165 na \u010dele technologick\u00e9ho pokroku.<\/p>\n<p>\u0160peci\u00e1lnym momentom bolo ocenenie najvernej\u0161\u00edch z\u00e1kazn\u00edkov DVC zasl\u00fa\u017een\u00fdmi <strong>vernostn\u00fdmi certifik\u00e1tmi<\/strong>. Toto uznanie oslavuje trval\u00e9 partnerstv\u00e1, ktor\u00e9 prispeli k \u00faspechu spolo\u010dnosti DVC a zd\u00f4raznilo d\u00f4le\u017eitos\u0165 vz\u0165ahov s klientmi v tomto odvetv\u00ed.<\/p>\n<p>Okrem p\u00fatav\u00fdch prezent\u00e1ci\u00ed mali n\u00e1v\u0161tevn\u00edci mo\u017enos\u0165 otestova\u0165 svoje \u0161\u0165astie rozto\u010den\u00edm kolesa \u0161\u0165astia a ochutna\u0165 pri tejto pr\u00edle\u017eitosti exkluz\u00edvne \u010dokol\u00e1dy DVC \u0161peci\u00e1lne ozna\u010den\u00e9 na\u0161imi fotoapar\u00e1tmi.<\/p>\n<p>So z\u00e1padom slnka<strong> oslava 20. naroden\u00edn DVC<\/strong> o\u017eila teplou a pr\u00edjemnou \u017eiarou svie\u010dok na torte. Ve\u010der bol pln\u00fd zmyslupln\u00fdch interakci\u00ed zdie\u013ean\u00fdch medzi partnermi a z\u00e1kazn\u00edkmi a tane\u010dn\u00fd parket o\u017eil, ke\u010f hostia pretancovali cel\u00fa noc. Bol to ve\u010der osl\u00e1v a spojenia, ktor\u00fd v\u0161etk\u00fdch spojil na oslavu dvoch desa\u0165ro\u010d\u00ed \u00faspechu spolo\u010dnosti DVC v tomto odvetv\u00ed.<\/p>\n<p>Oslava 20. naroden\u00edn DVC priniesla na Adria Security Summit 2023 n\u00e1dych z\u00e1bavy a my \u010fakujeme organiz\u00e1torom za ich podporu. Taktie\u017e vyjadrujeme na\u0161e uznanie v\u0161etk\u00fdm, ktor\u00ed nav\u0161t\u00edvili n\u00e1\u0161 st\u00e1nok a t\u00fdm, ktor\u00ed na\u010falej d\u00f4veruj\u00fa DVC \u2013 invest\u00edcii, ktor\u00e1 sa neust\u00e1le vypl\u00e1ca.<\/p>\n<p>S oh\u013eadom na bud\u00facnos\u0165 sme na\u010falej odhodlan\u00ed pos\u00fava\u0165 hranice inov\u00e1ci\u00ed a by\u0165 l\u00eddrom v bezpe\u010dnostnom priemysle.<\/p>\n<p>&nbsp;<\/p>\n<p>[\/et_pb_text][et_pb_button button_url=&#8220;https:\/\/drive.google.com\/drive\/folders\/1Upbiv9Zmd3XFUTHO6_F7w3S3r1szqLZM?usp=sharing&#8220; url_new_window=&#8220;on&#8220; button_text=&#8220;Fotogal\u00e9ria&#8220; button_alignment=&#8220;center&#8220; _builder_version=&#8220;4.23.1&#8243; _module_preset=&#8220;default&#8220; custom_button=&#8220;on&#8220; button_font=&#8220;|600|||||||&#8220; button_use_icon=&#8220;off&#8220; custom_padding=&#8220;18px|40px|18px|40px|true|true&#8220; global_colors_info=&#8220;{}&#8220;][\/et_pb_button][et_pb_image src=&#8220;https:\/\/www.dvc.video\/wp-content\/uploads\/2023\/11\/2023-11_Adria_Security_Summit_Body_Photo_02-1-scaled.jpg&#8220; title_text=&#8220;2023-11_Adria_Security_Summit_Body_Photo_02&#8243; _builder_version=&#8220;4.23&#8243; _module_preset=&#8220;default&#8220; global_colors_info=&#8220;{}&#8220;][\/et_pb_image][et_pb_image src=&#8220;https:\/\/www.dvc.video\/wp-content\/uploads\/2023\/11\/2023-11_Adria_Security_Summit_Body_Photo_01-1-scaled.jpg&#8220; title_text=&#8220;2023-11_Adria_Security_Summit_Body_Photo_01&#8243; _builder_version=&#8220;4.23&#8243; _module_preset=&#8220;default&#8220; global_colors_info=&#8220;{}&#8220;][\/et_pb_image][\/et_pb_column][\/et_pb_row][\/et_pb_section]<\/p>\n","protected":false},"excerpt":{"rendered":"<p>Oslava dvoch desa\u0165ro\u010d\u00ed inov\u00e1ci\u00ed Minul\u00fd t\u00fd\u017ede\u0148 sa DVC dostalo do centra pozornosti v srdci odvetvia technick\u00fdch bezpe\u010dnostn\u00fdch syst\u00e9mov a rie\u0161en\u00ed Jadransk\u00e9ho regi\u00f3nu v \u013dub\u013eane. Prezent\u00e1cia Deana Klobu\u010dara n\u00e1s zaviedla na p\u00fatav\u00fa cestu DVC od jeho vzniku a\u017e po s\u00fa\u010dasnos\u0165, kedy sa stala najv\u00e4\u010d\u0161ou region\u00e1lnou zna\u010dkou CCTV, interkomov a serverov a jednou z popredn\u00fdch mien v [&hellip;]<\/p>\n","protected":false},"author":8,"featured_media":24651,"comment_status":"closed","ping_status":"closed","sticky":false,"template":"","format":"standard","meta":{"_et_pb_use_builder":"on","_et_pb_old_content":"","_et_gb_content_width":"","footnotes":""},"categories":[23321,23311],"tags":[],"class_list":["post-24665","post","type-post","status-publish","format-standard","has-post-thumbnail","hentry","category-dvc-20-rokov","category-spravy"],"_links":{"self":[{"href":"https:\/\/www.dvc.video\/sk\/wp-json\/wp\/v2\/posts\/24665","targetHints":{"allow":["GET"]}}],"collection":[{"href":"https:\/\/www.dvc.video\/sk\/wp-json\/wp\/v2\/posts"}],"about":[{"href":"https:\/\/www.dvc.video\/sk\/wp-json\/wp\/v2\/types\/post"}],"author":[{"embeddable":true,"href":"https:\/\/www.dvc.video\/sk\/wp-json\/wp\/v2\/users\/8"}],"replies":[{"embeddable":true,"href":"https:\/\/www.dvc.video\/sk\/wp-json\/wp\/v2\/comments?post=24665"}],"version-history":[{"count":2,"href":"https:\/\/www.dvc.video\/sk\/wp-json\/wp\/v2\/posts\/24665\/revisions"}],"predecessor-version":[{"id":26663,"href":"https:\/\/www.dvc.video\/sk\/wp-json\/wp\/v2\/posts\/24665\/revisions\/26663"}],"wp:featuredmedia":[{"embeddable":true,"href":"https:\/\/www.dvc.video\/sk\/wp-json\/wp\/v2\/media\/24651"}],"wp:attachment":[{"href":"https:\/\/www.dvc.video\/sk\/wp-json\/wp\/v2\/media?parent=24665"}],"wp:term":[{"taxonomy":"category","embeddable":true,"href":"https:\/\/www.dvc.video\/sk\/wp-json\/wp\/v2\/categories?post=24665"},{"taxonomy":"post_tag","embeddable":true,"href":"https:\/\/www.dvc.video\/sk\/wp-json\/wp\/v2\/tags?post=24665"}],"curies":[{"name":"wp","href":"https:\/\/api.w.org\/{rel}","templated":true}]}}