{"id":31967,"date":"2024-09-03T10:17:51","date_gmt":"2024-09-03T08:17:51","guid":{"rendered":"https:\/\/www.dvc.video\/uncategorized-hu\/az-uj-dvc-dupla-lencses-kamera\/"},"modified":"2024-09-04T09:57:07","modified_gmt":"2024-09-04T07:57:07","slug":"az-uj-dvc-dupla-lencses-kamera","status":"publish","type":"post","link":"https:\/\/www.dvc.video\/hu\/hirek\/az-uj-dvc-dupla-lencses-kamera\/","title":{"rendered":"Az \u00faj DVC dupla lencs\u00e9s kamera minden r\u00e9szletet r\u00f6gz\u00edt!"},"content":{"rendered":"<p>[et_pb_section fb_built=&#8221;1&#8243; _builder_version=&#8221;4.27.0&#8243; _module_preset=&#8221;default&#8221; global_colors_info=&#8221;{}&#8221;][et_pb_row _builder_version=&#8221;4.27.0&#8243; _module_preset=&#8221;default&#8221; global_colors_info=&#8221;{}&#8221;][et_pb_column type=&#8221;4_4&#8243; _builder_version=&#8221;4.27.0&#8243; _module_preset=&#8221;default&#8221; global_colors_info=&#8221;{}&#8221;][et_pb_text _builder_version=&#8221;4.27.0&#8243; _module_preset=&#8221;default&#8221; hover_enabled=&#8221;0&#8243; global_colors_info=&#8221;{}&#8221; sticky_enabled=&#8221;0&#8243;]<\/p>\n<blockquote>\n<h2>Fejlett k\u00f6vet\u00e9s \u00e9s prec\u00edz szem\u00e9lysz\u00e1ml\u00e1l\u00e1s krist\u00e1lytiszta k\u00e9pekkel \u2013 fedezzen fel egy \u00faj dimenzi\u00f3t a biztons\u00e1gban.<\/h2>\n<\/blockquote>\n<p>B\u00fcszk\u00e9n mutatjuk be a DCN-PC4211AI <strong>dupla lencs\u00e9s &#8222;szem\u00e9lysz\u00e1ml\u00e1l\u00f3&#8221; h\u00e1l\u00f3zati kamer\u00e1t<\/strong>, egy innovat\u00edv megold\u00e1st, amely \u00f6tv\u00f6zi a kiv\u00e1l\u00f3 min\u0151s\u00e9g\u0171 k\u00e9palkot\u00e1st \u00e9s a fejlett szem\u00e9lysz\u00e1ml\u00e1l\u00f3 k\u00e9pess\u00e9geket. Ennek a kiv\u00e9teles kamer\u00e1nak a kulcsfontoss\u00e1g\u00fa jellemz\u0151i, amelyek \u00fajradefini\u00e1lj\u00e1k a biztons\u00e1got \u00e9s a t\u00e9rfigyel\u00e9st, a k\u00f6vetkez\u0151k:<\/p>\n<ul>\n<li><strong>Kiv\u00e1l\u00f3 Min\u0151s\u00e9g\u0171 K\u00e9p (4MP)<\/strong>: A 1\/3&#8243; Progressive Scan CMOS \u00e9rz\u00e9kel\u0151vel felszerelt kamera krist\u00e1lytiszta k\u00e9peket biztos\u00edt 2560&#215;1440 pixel felbont\u00e1sban, lehet\u0151v\u00e9 t\u00e9ve a finom r\u00e9szletek azonos\u00edt\u00e1s\u00e1t. Ezenk\u00edv\u00fcl a micro SD k\u00e1rtyahely ak\u00e1r 256 GB-ig t\u00e1mogatja a t\u00e1rol\u00e1st, \u00edgy b\u0151s\u00e9ges hely \u00e1ll rendelkez\u00e9sre a nagy felbont\u00e1s\u00fa felv\u00e9telek sz\u00e1m\u00e1ra.<\/li>\n<li><strong>Dupla Lencs\u00e9s Kialak\u00edt\u00e1s<\/strong>: A kamera k\u00e9t lencs\u00e9t haszn\u00e1l, fix 2,1 mm-es f\u00f3kuszszal, amely sz\u00e9lesebb l\u00e1t\u00f3mez\u0151t biztos\u00edt 103\u00b0 horizont\u00e1lis, 70\u00b0 vertik\u00e1lis \u00e9s 110\u00b0 \u00e1tl\u00f3s sz\u00f6gben. Semmi sem marad \u00e9szrev\u00e9tlen!<\/li>\n<li><strong>Fejlett Szem\u00e9lysz\u00e1ml\u00e1l\u00e1s<\/strong>: A kamera pontosan sz\u00e1ml\u00e1lja a be- \u00e9s kil\u00e9p\u0151 szem\u00e9lyeket, t\u00e1mogatja a gyermekek sz\u00e1ml\u00e1l\u00e1s\u00e1t, valamint a c\u00e9lmagass\u00e1g sz\u0171r\u00e9s\u00e9t \u00e9s a fej-\u00e9szlel\u00e9si algoritmust.<\/li>\n<li><strong>Infrav\u00f6r\u00f6s Megvil\u00e1g\u00edt\u00e1s<\/strong>: A be\u00e9p\u00edtett IR megvil\u00e1g\u00edt\u00e1ssal a kamera teljes s\u00f6t\u00e9ts\u00e9gben is k\u00e9pes felv\u00e9telt k\u00e9sz\u00edteni ak\u00e1r 10 m\u00e9teres t\u00e1vols\u00e1gig.<\/li>\n<li><strong>Robusztus \u00e9s Tart\u00f3s Kialak\u00edt\u00e1s<\/strong>: IP66 v\u00e9delemmel rendelkezik, \u00edgy por- \u00e9s v\u00edz\u00e1ll\u00f3, biztos\u00edtva a stabil m\u0171k\u00f6d\u00e9st sz\u00e9ls\u0151s\u00e9ges id\u0151j\u00e1r\u00e1si k\u00f6r\u00fclm\u00e9nyek k\u00f6z\u00f6tt (-30\u00b0C-t\u00f3l 45\u00b0C-ig).<\/li>\n<li><strong>Fejlett Biztons\u00e1g<\/strong>: Be\u00e9p\u00edtett vide\u00f3- \u00e9s firmware titkos\u00edt\u00e1s, valamint HTTPS titkos\u00edt\u00e1s \u00e9s IP sz\u0171r\u00e9s biztos\u00edtja az adatv\u00e9delmet \u00e9s a rendszer megb\u00edzhat\u00f3s\u00e1g\u00e1t, \u00edgy ez a kamera \u00e1thatolhatatlan \u0151rz\u0151je az adataidnak.<\/li>\n<\/ul>\n<p>[\/et_pb_text][et_pb_image src=&#8221;https:\/\/www.dvc.video\/wp-content\/uploads\/2024\/09\/2024-09_DVC_DCN-PC4211AI_BodyImage.jpg&#8221; title_text=&#8221;2024-09_DVC_DCN-PC4211AI_BodyImage&#8221; align=&#8221;center&#8221; _builder_version=&#8221;4.27.0&#8243; _module_preset=&#8221;default&#8221; global_colors_info=&#8221;{}&#8221;][\/et_pb_image][et_pb_text _builder_version=&#8221;4.27.0&#8243; _module_preset=&#8221;default&#8221; hover_enabled=&#8221;0&#8243; global_colors_info=&#8221;{}&#8221; sticky_enabled=&#8221;0&#8243;]<\/p>\n<blockquote>\n<h3>Mi\u00e9rt v\u00e1laszd a DCN-PC4211AI-t?<\/h3>\n<\/blockquote>\n<p>Ez a DVC kamera, amely h\u00e1rom\u00e9ves garanci\u00e1val rendelkezik, t\u00f6k\u00e9letes olyan helyekhez, ahol magas szint\u0171 biztons\u00e1gra \u00e9s prec\u00edz szem\u00e9lysz\u00e1ml\u00e1l\u00e1sra van sz\u00fcks\u00e9g. Fejlett technol\u00f3gi\u00e1ja lehet\u0151v\u00e9 teszi a r\u00e9szletes megfigyel\u00e9st \u00e9s adat-elemz\u00e9st, \u00edgy ide\u00e1lis v\u00e1laszt\u00e1s \u00fczleti helyis\u00e9gekhez, k\u00f6zint\u00e9zm\u00e9nyekhez \u00e9s kiskereskedelmi \u00fczletekhez.<\/p>\n<p>A <strong>DCN-PC4211AI<\/strong> id\u00e9n \u0151sszel \u00e9rkezik, \u00edgy k\u00e9szen \u00e1llhatsz arra, hogy a leg\u00fajabb technol\u00f3gi\u00e1val n\u00f6veld a biztons\u00e1godat.<\/p>\n<p>Tov\u00e1bbi inform\u00e1ci\u00f3k\u00e9rt vagy bemutat\u00f3\u00e9rt l\u00e1togasson el a legk\u00f6zelebbi helyi irod\u00e1ba.<\/p>\n<p>[\/et_pb_text][\/et_pb_column][\/et_pb_row][\/et_pb_section]<\/p>\n","protected":false},"excerpt":{"rendered":"<p>Fejlett k\u00f6vet\u00e9s \u00e9s prec\u00edz szem\u00e9lysz\u00e1ml\u00e1l\u00e1s krist\u00e1lytiszta k\u00e9pekkel \u2013 fedezzen fel egy \u00faj dimenzi\u00f3t a biztons\u00e1gban. B\u00fcszk\u00e9n mutatjuk be a DCN-PC4211AI dupla lencs\u00e9s &#8222;szem\u00e9lysz\u00e1ml\u00e1l\u00f3&#8221; h\u00e1l\u00f3zati kamer\u00e1t, egy innovat\u00edv megold\u00e1st, amely \u00f6tv\u00f6zi a kiv\u00e1l\u00f3 min\u0151s\u00e9g\u0171 k\u00e9palkot\u00e1st \u00e9s a fejlett szem\u00e9lysz\u00e1ml\u00e1l\u00f3 k\u00e9pess\u00e9geket. Ennek a kiv\u00e9teles kamer\u00e1nak a kulcsfontoss\u00e1g\u00fa jellemz\u0151i, amelyek \u00fajradefini\u00e1lj\u00e1k a biztons\u00e1got \u00e9s a t\u00e9rfigyel\u00e9st, a k\u00f6vetkez\u0151k: [&hellip;]<\/p>\n","protected":false},"author":8,"featured_media":31925,"comment_status":"closed","ping_status":"closed","sticky":false,"template":"","format":"standard","meta":{"_et_pb_use_builder":"on","_et_pb_old_content":"","_et_gb_content_width":"","footnotes":""},"categories":[23309],"tags":[],"class_list":["post-31967","post","type-post","status-publish","format-standard","has-post-thumbnail","hentry","category-hirek"],"_links":{"self":[{"href":"https:\/\/www.dvc.video\/hu\/wp-json\/wp\/v2\/posts\/31967","targetHints":{"allow":["GET"]}}],"collection":[{"href":"https:\/\/www.dvc.video\/hu\/wp-json\/wp\/v2\/posts"}],"about":[{"href":"https:\/\/www.dvc.video\/hu\/wp-json\/wp\/v2\/types\/post"}],"author":[{"embeddable":true,"href":"https:\/\/www.dvc.video\/hu\/wp-json\/wp\/v2\/users\/8"}],"replies":[{"embeddable":true,"href":"https:\/\/www.dvc.video\/hu\/wp-json\/wp\/v2\/comments?post=31967"}],"version-history":[{"count":2,"href":"https:\/\/www.dvc.video\/hu\/wp-json\/wp\/v2\/posts\/31967\/revisions"}],"predecessor-version":[{"id":31979,"href":"https:\/\/www.dvc.video\/hu\/wp-json\/wp\/v2\/posts\/31967\/revisions\/31979"}],"wp:featuredmedia":[{"embeddable":true,"href":"https:\/\/www.dvc.video\/hu\/wp-json\/wp\/v2\/media\/31925"}],"wp:attachment":[{"href":"https:\/\/www.dvc.video\/hu\/wp-json\/wp\/v2\/media?parent=31967"}],"wp:term":[{"taxonomy":"category","embeddable":true,"href":"https:\/\/www.dvc.video\/hu\/wp-json\/wp\/v2\/categories?post=31967"},{"taxonomy":"post_tag","embeddable":true,"href":"https:\/\/www.dvc.video\/hu\/wp-json\/wp\/v2\/tags?post=31967"}],"curies":[{"name":"wp","href":"https:\/\/api.w.org\/{rel}","templated":true}]}}