{"id":24482,"date":"2023-09-15T15:00:29","date_gmt":"2023-09-15T13:00:29","guid":{"rendered":"https:\/\/www.dvc.video\/blog\/dvc-20-eves-fennallasat-unnepli-a-videomegfigyeles-regionalis-vezetoje\/"},"modified":"2024-01-22T09:28:14","modified_gmt":"2024-01-22T08:28:14","slug":"dvc-20-eves-fennallasat-unnepli-a-videomegfigyeles-regionalis-vezetoje","status":"publish","type":"post","link":"https:\/\/www.dvc.video\/hu\/hirek\/dvc-20-eves-fennallasat-unnepli-a-videomegfigyeles-regionalis-vezetoje\/","title":{"rendered":"DVC 20 \u00e9ves fenn\u00e1ll\u00e1s\u00e1t \u00fcnnepli \u2013 a videomegfigyel\u00e9s region\u00e1lis vezet\u0151je!"},"content":{"rendered":"<p>[et_pb_section fb_built=&#8221;1&#8243; admin_label=&#8221;section&#8221; _builder_version=&#8221;4.16&#8243; global_colors_info=&#8221;{}&#8221;][et_pb_row admin_label=&#8221;row&#8221; _builder_version=&#8221;4.16&#8243; background_size=&#8221;initial&#8221; background_position=&#8221;top_left&#8221; background_repeat=&#8221;repeat&#8221; global_colors_info=&#8221;{}&#8221;][et_pb_column type=&#8221;4_4&#8243; _builder_version=&#8221;4.16&#8243; custom_padding=&#8221;|||&#8221; global_colors_info=&#8221;{}&#8221; custom_padding__hover=&#8221;|||&#8221;][et_pb_text _builder_version=&#8221;4.22.1&#8243; _module_preset=&#8221;default&#8221; hover_enabled=&#8221;0&#8243; global_colors_info=&#8221;{}&#8221; sticky_enabled=&#8221;0&#8243;]<\/p>\n<p>M\u00e9g 2003-ban, amikor az anyav\u00e1llalat Alarm automatika \u00e9rt\u00e9kes\u00edtette az els\u0151 term\u00e9ket DVC m\u00e1rkan\u00e9v alatt, val\u00f3sz\u00edn\u0171leg m\u00e9g maguk az alkot\u00f3k sem gondolt\u00e1k, hogy ma, 20 \u00e9vvel k\u00e9s\u0151bb a DVC a megb\u00edzhat\u00f3s\u00e1g \u00e9s bizalom szinonim\u00e1j\u00e1v\u00e1 v\u00e1lik \u00e9s a n\u00f6vekv\u0151 piacra helyezi mag\u00e1t, mint egy er\u0151s region\u00e1lis m\u00e1rka a vide\u00f3 megfigyel\u00e9s \u00e9s a vide\u00f3 kaputelefon ter\u00fclet\u00e9n.<\/p>\n<p><strong>A t\u00f6bb mint f\u00e9lmilli\u00f3 telep\u00edtett DVC-eszk\u00f6z \u00e9s berendez\u00e9s<\/strong> \u00fajabb bizony\u00edt\u00e9ka a saj\u00e1t m\u00e1rka elind\u00edt\u00e1s\u00e1val kapcsolatos elk\u00e9pzel\u00e9s siker\u00e9nek, amelyet h\u0171s\u00e9ges partnereink \u00e9s \u00fcgyfeleink is elismertek. Ez\u00e9rt a jubileumot egy\u00fctt \u00fcnnepelj\u00fck r\u00e9gi t\u00e1rsainkkal, de tervez\u00fcnk az \u00faj kih\u00edv\u00e1sokkal a j\u00f6v\u0151ben is.<\/p>\n<p>Az Alarm automatik\u00e1n\u00e1l \u00edgy az \u00e9v utols\u00f3 negyede egy jeles jubileum jegy\u00e9ben telik, kereken 20. sz\u00fclet\u00e9snapja lesz a DVC-nek, a digit\u00e1lis vide\u00f3megfigyel\u00e9si megold\u00e1sok harmadik legnagyobb region\u00e1lis m\u00e1rk\u00e1j\u00e1nak.<\/p>\n<p>[\/et_pb_text][et_pb_text _builder_version=&#8221;4.22.1&#8243; _module_preset=&#8221;default&#8221; hover_enabled=&#8221;0&#8243; global_colors_info=&#8221;{}&#8221; sticky_enabled=&#8221;0&#8243;]<\/p>\n<p>A DVC sz\u00fclet\u00e9snapi \u00e9vfordul\u00f3j\u00e1nak bevezet\u0151je egy besz\u00e9lget\u00e9s volt Dean Klobu\u010darral, az Alarm automatika igazgat\u00f3tan\u00e1cs\u00e1nak tagj\u00e1val \u00e9s egykori DVC m\u00e1rkamenedzser\u00e9vel, valamint a DVC j\u00f6v\u0151j\u00e9re \u00e9s tov\u00e1bbi fejleszt\u00e9s\u00e9re vonatkoz\u00f3 terveket ismertette Luka Ku\u010di\u0107, az \u00e9rt\u00e9kes\u00edt\u00e9si igazgat\u00f3, aki nemr\u00e9g vette \u00e1t ezt a felel\u0151s szerepet.<\/p>\n<p>[\/et_pb_text][et_pb_button button_url=&#8221;https:\/\/www.asadria.com\/alarm-automatika-20-godina-brenda-dvc-naslijedje-inovacija-i-povjerenja\/&#8221; url_new_window=&#8221;on&#8221; button_text=&#8221;Olvassa el az eg\u00e9sz besz\u00e9lget\u00e9st&#8221; button_alignment=&#8221;center&#8221; _builder_version=&#8221;4.22.1&#8243; _module_preset=&#8221;default&#8221; global_colors_info=&#8221;{}&#8221;][\/et_pb_button][et_pb_text _builder_version=&#8221;4.22.1&#8243; _module_preset=&#8221;default&#8221; global_colors_info=&#8221;{}&#8221;]<\/p>\n<p>Hamarosan tov\u00e1bbi sz\u00fclet\u00e9snapi tev\u00e9kenys\u00e9gekre, akci\u00f3kra \u00e9s aj\u00e1nd\u00e9kokra is sz\u00e1m\u00edthat. <strong>DVC, boldog sz\u00fclet\u00e9snapot!<\/strong><\/p>\n<p>[\/et_pb_text][\/et_pb_column][\/et_pb_row][\/et_pb_section]<\/p>\n","protected":false},"excerpt":{"rendered":"<p>M\u00e9g 2003-ban, amikor az anyav\u00e1llalat Alarm automatika \u00e9rt\u00e9kes\u00edtette az els\u0151 term\u00e9ket DVC m\u00e1rkan\u00e9v alatt, val\u00f3sz\u00edn\u0171leg m\u00e9g maguk az alkot\u00f3k sem gondolt\u00e1k, hogy ma, 20 \u00e9vvel k\u00e9s\u0151bb a DVC a megb\u00edzhat\u00f3s\u00e1g \u00e9s bizalom szinonim\u00e1j\u00e1v\u00e1 v\u00e1lik \u00e9s a n\u00f6vekv\u0151 piacra helyezi mag\u00e1t, mint egy er\u0151s region\u00e1lis m\u00e1rka a vide\u00f3 megfigyel\u00e9s \u00e9s a vide\u00f3 kaputelefon ter\u00fclet\u00e9n. A t\u00f6bb [&hellip;]<\/p>\n","protected":false},"author":8,"featured_media":24464,"comment_status":"closed","ping_status":"closed","sticky":false,"template":"","format":"standard","meta":{"_et_pb_use_builder":"on","_et_pb_old_content":"","_et_gb_content_width":"","footnotes":""},"categories":[23319,23309],"tags":[],"class_list":["post-24482","post","type-post","status-publish","format-standard","has-post-thumbnail","hentry","category-dvc-20-ev","category-hirek"],"_links":{"self":[{"href":"https:\/\/www.dvc.video\/hu\/wp-json\/wp\/v2\/posts\/24482","targetHints":{"allow":["GET"]}}],"collection":[{"href":"https:\/\/www.dvc.video\/hu\/wp-json\/wp\/v2\/posts"}],"about":[{"href":"https:\/\/www.dvc.video\/hu\/wp-json\/wp\/v2\/types\/post"}],"author":[{"embeddable":true,"href":"https:\/\/www.dvc.video\/hu\/wp-json\/wp\/v2\/users\/8"}],"replies":[{"embeddable":true,"href":"https:\/\/www.dvc.video\/hu\/wp-json\/wp\/v2\/comments?post=24482"}],"version-history":[{"count":2,"href":"https:\/\/www.dvc.video\/hu\/wp-json\/wp\/v2\/posts\/24482\/revisions"}],"predecessor-version":[{"id":26687,"href":"https:\/\/www.dvc.video\/hu\/wp-json\/wp\/v2\/posts\/24482\/revisions\/26687"}],"wp:featuredmedia":[{"embeddable":true,"href":"https:\/\/www.dvc.video\/hu\/wp-json\/wp\/v2\/media\/24464"}],"wp:attachment":[{"href":"https:\/\/www.dvc.video\/hu\/wp-json\/wp\/v2\/media?parent=24482"}],"wp:term":[{"taxonomy":"category","embeddable":true,"href":"https:\/\/www.dvc.video\/hu\/wp-json\/wp\/v2\/categories?post=24482"},{"taxonomy":"post_tag","embeddable":true,"href":"https:\/\/www.dvc.video\/hu\/wp-json\/wp\/v2\/tags?post=24482"}],"curies":[{"name":"wp","href":"https:\/\/api.w.org\/{rel}","templated":true}]}}